{"id":552,"__str__":"Declaraci\u00f3n-PLEN n\u00ba 5, de 27 de mar\u00e7o de 2023","link_detail_backend":"/norma/552","metadata":{},"texto_integral":"http://sapl.parlamentomercosur.org/media/sapl/public/normajuridica/2023/552/decl_05_2023.pdf","numero":"5","ano":2023,"esfera_federacao":"F","data":"2023-03-27","data_publicacao":null,"veiculo_publicacao":"","pagina_inicio_publicacao":null,"pagina_fim_publicacao":null,"ementa":"Declaraci\u00f3n de  homenaje a Radio C\u00e1ritas Universidad Cat\u00f3lica con motivo de  su 85\u00b0 aniversario.","indexacao":"","observacao":"","complemento":false,"data_vigencia":null,"timestamp":"2023-08-24T18:09:39.816723-03:00","data_ultima_atualizacao":"2023-08-24T18:09:39.818629-03:00","ip":"179.27.105.131","ultima_edicao":"2023-08-24T18:09:39.708568-03:00","tipo":4,"materia":80,"orgao":2,"user":151,"assuntos":[],"autores":[]}