{"id":551,"__str__":"Declaraci\u00f3n-PLEN n\u00ba 4, de 27 de mar\u00e7o de 2023","link_detail_backend":"/norma/551","metadata":{},"texto_integral":"http://sapl.parlamentomercosur.org/media/sapl/public/normajuridica/2023/551/decl_04_2023.pdf","numero":"4","ano":2023,"esfera_federacao":"F","data":"2023-03-27","data_publicacao":null,"veiculo_publicacao":"","pagina_inicio_publicacao":null,"pagina_fim_publicacao":null,"ementa":"Declaraci\u00f3n del m\u00e1s en\u00e9rgico repudio a las grav\u00edsimas violaciones de DDHH que est\u00e1 cometiendo el gobierno de Iv\u00e1n Duque en Colombia , con una violencia policial injustificada y desproporcionada que ha ocasionado la muerte de decenas de personas, cientos de heridos, desaparecidos y detenidos, que se encontraban manifest\u00e1ndose en el ejercicio de sus derechos constitucionales.","indexacao":"","observacao":"","complemento":false,"data_vigencia":null,"timestamp":"2024-04-10T17:28:30.619499-03:00","data_ultima_atualizacao":"2024-04-10T17:28:30.621245-03:00","ip":"179.27.105.131","ultima_edicao":"2024-04-10T17:28:30.467883-03:00","tipo":4,"materia":585,"orgao":2,"user":151,"assuntos":[],"autores":[]}