{"id":549,"__str__":"Declaraci\u00f3n-PLEN n\u00ba 2, de 27 de mar\u00e7o de 2023","link_detail_backend":"/norma/549","metadata":{},"texto_integral":"http://sapl.parlamentomercosur.org/media/sapl/public/normajuridica/2023/549/decl_02_2023.pdf","numero":"2","ano":2023,"esfera_federacao":"F","data":"2023-03-27","data_publicacao":null,"veiculo_publicacao":"","pagina_inicio_publicacao":null,"pagina_fim_publicacao":null,"ementa":"Declaraci\u00f3n acerca de reafirmar la importancia fundamental y primordial de promover el respeto a los Derechos Humanos en todo \u00e1mbito y nivel contribuyendo y fortaleciendo la paz y la convivencia pac\u00edfica.","indexacao":"","observacao":"","complemento":false,"data_vigencia":null,"timestamp":"2023-08-24T18:21:28.681858-03:00","data_ultima_atualizacao":"2023-08-24T18:21:28.683726-03:00","ip":"179.27.105.131","ultima_edicao":"2023-08-24T18:21:28.565112-03:00","tipo":4,"materia":480,"orgao":2,"user":151,"assuntos":[],"autores":[]}