{"id":2622,"__str__":"Propuesta de Recomendaci\u00f3n n\u00ba 16 de 2025 | Aguardando lectura en Sesi\u00f3n Plen\u00e1ria | 24/07/2025","link_detail_backend":"/materia/tramitacao/2622","metadata":{},"timestamp":"2025-07-24T20:36:29.002511-03:00","data_tramitacao":"2025-07-24","data_encaminhamento":"2025-07-24","urgente":false,"turno":"","texto":"NPr 212-2025  - Alejandro Deanes, Ra\u00fal Bittel, Mat\u00edas Sotomayor, Marina Femen\u00eda, Gustavo Arrieta, Alejandra M\u00e1s, Mariano Fern\u00e1ndez, Yamil Sarruff, Victoria Donda, Franco Metaza, Karolina Bobadilla - PRE 16/2025 - 220725 - AE CII SO - A) CJUR - frodr\u00edguez@parl... - 240725 - 15.00 h","data_fim_prazo":null,"ip":"190.133.54.64","ultima_edicao":"2025-07-24T20:32:34.697117-03:00","status":46,"materia":2839,"unidade_tramitacao_local":17,"unidade_tramitacao_destino":15,"user":111}