{"id":89,"__str__":"Informe de Comisi\u00f3n n\u00ba 63 de 2019","link_detail_backend":"/materia/89","metadata":{},"numero":63,"ano":2019,"numero_protocolo":null,"data_apresentacao":"2019-07-23","tipo_apresentacao":"E","data_publicacao":null,"numero_origem_externa":"","ano_origem_externa":null,"data_origem_externa":null,"apelido":"","dias_prazo":null,"data_fim_prazo":null,"em_tramitacao":false,"polemica":false,"objeto":"","complementar":false,"ementa":"Informe de la Comisi\u00f3n de Educaci\u00f3n por el archivo de la propuesta de declaraci\u00f3n por la cual el PM declara de inter\u00e9s regional la  \u201cIII Jornada de Educaci\u00f3n inclusiva en contexto de encierro\u201d (MEP/140/2019)","indexacao":"","observacao":"","resultado":"","texto_original":"http://sapl.parlamentomercosur.org/media/sapl/public/materialegislativa/2019/89/mep-260-2019.pdf","data_ultima_atualizacao":"2023-11-09T16:51:22.498097-03:00","ip":"179.27.105.131","ultima_edicao":"2023-05-05T11:33:18.764771-03:00","tipo":27,"regime_tramitacao":1,"tipo_origem_externa":null,"local_origem_externa":null,"user":166,"anexadas":[],"autores":[4]}