{"id":80,"__str__":"Propuesta de Declaraci\u00f3n n\u00ba 56 de 2021","link_detail_backend":"/materia/80","metadata":{},"numero":56,"ano":2021,"numero_protocolo":null,"data_apresentacao":"2021-10-20","tipo_apresentacao":"E","data_publicacao":null,"numero_origem_externa":"","ano_origem_externa":null,"data_origem_externa":null,"apelido":"","dias_prazo":null,"data_fim_prazo":null,"em_tramitacao":false,"polemica":false,"objeto":"","complementar":false,"ementa":"Propuesta de Declaraci\u00f3n presentada por el Parlamentario Canese por la cual el PM declara rendir un especial homenaje a Radio C\u00e1ritas Universidad Cat\u00f3lica con motivo de 85 aniversario.","indexacao":"","observacao":"","resultado":"","texto_original":"http://sapl.parlamentomercosur.org/media/sapl/public/materialegislativa/2021/80/mep_189_2021.pdf","data_ultima_atualizacao":"2023-09-21T12:50:49.149784-03:00","ip":"179.27.105.131","ultima_edicao":"2023-07-05T12:47:46.734855-03:00","tipo":3,"regime_tramitacao":1,"tipo_origem_externa":null,"local_origem_externa":null,"user":166,"anexadas":[],"autores":[151]}