{"id":715,"__str__":"Propuesta de Recomendaci\u00f3n n\u00ba 55 de 2020","link_detail_backend":"/materia/715","metadata":{},"numero":55,"ano":2020,"numero_protocolo":null,"data_apresentacao":"2020-07-21","tipo_apresentacao":"E","data_publicacao":null,"numero_origem_externa":"","ano_origem_externa":null,"data_origem_externa":null,"apelido":"","dias_prazo":null,"data_fim_prazo":null,"em_tramitacao":true,"polemica":false,"objeto":"","complementar":false,"ementa":"Propuesta de Recomendaci\u00f3n al CMC sobre la capacitaci\u00f3n obligatoria e integral en la tem\u00e1tica ambiental y desarrollo sustentable, para todas las personas que desempe\u00f1en sus funciones, ya sea por cargo electivo, designaci\u00f3n directa, por concurso, contrataci\u00f3n o por cualquier otro medio de designaci\u00f3n legal, en el \u00e1mbito de la estructura institucional del Mercosur.","indexacao":"","observacao":"","resultado":"","texto_original":"http://sapl.parlamentomercosur.org/media/sapl/public/materialegislativa/2020/715/mep_111_2020_proyecto_capacitacion_ambiental_y_desarrollo_sustentable-convertido.pdf","data_ultima_atualizacao":"2023-12-14T10:35:42.728084-03:00","ip":"179.27.105.131","ultima_edicao":"2023-04-13T13:55:53.430556-03:00","tipo":1,"regime_tramitacao":1,"tipo_origem_externa":null,"local_origem_externa":null,"user":166,"anexadas":[2467],"autores":[115]}