{"id":443,"__str__":"Propuesta de Declaraci\u00f3n n\u00ba 48 de 2022","link_detail_backend":"/materia/443","metadata":{},"numero":48,"ano":2022,"numero_protocolo":248,"data_apresentacao":"2022-09-23","tipo_apresentacao":"E","data_publicacao":null,"numero_origem_externa":"","ano_origem_externa":null,"data_origem_externa":null,"apelido":"","dias_prazo":null,"data_fim_prazo":null,"em_tramitacao":true,"polemica":false,"objeto":"","complementar":false,"ementa":"Propuesta de Declaraci\u00f3n presentada por el Parlamentario Eduardo Nelson Nicoletti, acompa\u00f1ado por los Parlamentarios Britto, Harispe, Karlen, Perie, Prado, Sotelo, Strada, Cejas, Cornejo, Corregido, D\u00b4aur\u00eda, Gleadell y Oviedo por la cual el Parlamento del MERCOSUR declara de inter\u00e9s regional la relizacion de los 3 juicios de lesa humanidad, llevados a cabo en La Pampa durante los a\u00f1os 2010/2022 en los que se juzgaron a los responsables de esta Provincia del terrorismo de Estado que se consum\u00f3 en Argentina en el per\u00edodo 1975/1983","indexacao":"","observacao":"","resultado":"","texto_original":"http://sapl.parlamentomercosur.org/media/sapl/public/materialegislativa/2022/443/protocolo_248_2022.pdf","data_ultima_atualizacao":"2023-11-09T11:23:46.022824-03:00","ip":"179.27.105.131","ultima_edicao":"2023-07-05T12:40:14.065888-03:00","tipo":3,"regime_tramitacao":1,"tipo_origem_externa":null,"local_origem_externa":null,"user":166,"anexadas":[],"autores":[115,118,119,120,123,127,129,130,132,135,136,137,144,146]}