{"id":442,"__str__":"Propuesta de Declaraci\u00f3n n\u00ba 47 de 2022","link_detail_backend":"/materia/442","metadata":{},"numero":47,"ano":2022,"numero_protocolo":247,"data_apresentacao":"2022-09-23","tipo_apresentacao":"E","data_publicacao":null,"numero_origem_externa":"","ano_origem_externa":null,"data_origem_externa":null,"apelido":"","dias_prazo":null,"data_fim_prazo":null,"em_tramitacao":true,"polemica":false,"objeto":"","complementar":false,"ementa":"Propuesta de Declaraci\u00f3n presentada por la Parlamentaria Corregido, acompa\u00f1ada por los Parlamentarios Peri\u00e9, Harispe, Gleadell, Canese, Nicoletti, Britto, Prado, D\u00b4aur\u00eda, Sotelo y Bello por la cual el Parlamento del MERCOSUR declara su preocupaci\u00f3n y repudio por los hechos ocurridos en la comunidad ind\u00edgena Tilquiza en la Provincia de Jujuy, Argentina","indexacao":"","observacao":"","resultado":"","texto_original":"http://sapl.parlamentomercosur.org/media/sapl/public/materialegislativa/2022/442/protocolo_247_2022.pdf","data_ultima_atualizacao":"2023-09-21T17:05:09.628105-03:00","ip":"179.27.105.131","ultima_edicao":"2022-09-23T08:59:12.821113-03:00","tipo":3,"regime_tramitacao":1,"tipo_origem_externa":null,"local_origem_externa":null,"user":112,"anexadas":[],"autores":[120,127,129,136,151]}