{"id":423,"__str__":"Propuesta de Declaraci\u00f3n n\u00ba 42 de 2022","link_detail_backend":"/materia/423","metadata":{},"numero":42,"ano":2022,"numero_protocolo":228,"data_apresentacao":"2022-09-06","tipo_apresentacao":"E","data_publicacao":null,"numero_origem_externa":"","ano_origem_externa":null,"data_origem_externa":null,"apelido":"","dias_prazo":null,"data_fim_prazo":null,"em_tramitacao":true,"polemica":false,"objeto":"","complementar":false,"ementa":"Propuesta de Declaraci\u00f3n presentada por la Parlamentaria Britto, acompa\u00f1ada por los Parlamentarios Karlen, Harispe, Nicoletti, Cejas, Brizuela, D\u00b4auria, Beliz, Rioseco, Oviedo, Budeguer, Femenia, L\u00f3pez L\u00f3pez, Gleadell, Perie, Strada, Cornejo y Sotelo por la cual el Parlamento del MERCOSUR declara su en\u00e9rgico repudio al atentado contra la vida de la vicepresidenta de la Naci\u00f3n Argentina, la Dra. Cristina Fern\u00e1ndez de Kirchner.","indexacao":"","observacao":"","resultado":"","texto_original":"http://sapl.parlamentomercosur.org/media/sapl/public/materialegislativa/2022/423/protocolo_228_2022.pdf","data_ultima_atualizacao":"2023-12-14T10:38:39.019233-03:00","ip":"179.27.105.131","ultima_edicao":"2022-09-06T11:29:22.969830-03:00","tipo":3,"regime_tramitacao":1,"tipo_origem_externa":null,"local_origem_externa":null,"user":112,"anexadas":[2467],"autores":[117,115,116,118,119,123,125,127,129,130,131,132,135,136,137,140,144,146]}