{"id":2962,"__str__":"Propuesta de Declaraci\u00f3n n\u00ba 92 de 2025","link_detail_backend":"/materia/2962","metadata":{},"numero":92,"ano":2025,"numero_protocolo":358,"data_apresentacao":"2025-11-10","tipo_apresentacao":"E","data_publicacao":null,"numero_origem_externa":"","ano_origem_externa":null,"data_origem_externa":null,"apelido":"","dias_prazo":null,"data_fim_prazo":null,"em_tramitacao":true,"polemica":false,"objeto":"","complementar":false,"ementa":"NPr 358-2025 PDE 92/2025 PDecl. presentado el 081125 \"Promocio\u0301n de una Ley Regional de Etiquetado Frontal en el MERCOSUR\", por los parlamentarios Mat\u00edas Sotomayor, Karolina Bobadilla, Jos\u00e9 C\u00e1ceres, Ricardo Branda. CDRS","indexacao":"","observacao":"","resultado":"","texto_original":"http://sapl.parlamentomercosur.org/media/sapl/public/materialegislativa/2025/2962/npr_358-2025_pde_922025_pdecl._del_081125_22promocion_de_una_ley_regional_de_etiquetado_frontal_en_el_mercosur22.pdf","data_ultima_atualizacao":"2026-04-22T12:58:33.439296-03:00","ip":"186.2.205.89","ultima_edicao":"2025-11-10T21:36:20.544413-03:00","tipo":3,"regime_tramitacao":1,"tipo_origem_externa":null,"local_origem_externa":null,"user":111,"anexadas":[],"autores":[200,236,235,240]}