{"id":2886,"__str__":"Propuesta de Declaraci\u00f3n n\u00ba 81 de 2025","link_detail_backend":"/materia/2886","metadata":{},"numero":81,"ano":2025,"numero_protocolo":271,"data_apresentacao":"2025-09-18","tipo_apresentacao":"E","data_publicacao":null,"numero_origem_externa":"","ano_origem_externa":null,"data_origem_externa":null,"apelido":"","dias_prazo":null,"data_fim_prazo":null,"em_tramitacao":true,"polemica":false,"objeto":"","complementar":false,"ementa":"NPr 271-2025 PDE 81/2025 PDecl. \"De Benepl\u00e1cito sobre el Respaldo de la Asamblea General de la ONU a la Declaraci\u00f3n de Nueva York para una Soluci\u00f3n Pac\u00edfica y Biestatal del Conflicto Palestino-Israel\u00ed\" presentado por los parlamentarios Gustavo Arrieta, Victoria Donda, Alejandro Deanes, Jos\u00e9 C\u00e1ceres, Karolina Bobadilla, Mat\u00edas Sotomayor, Ra\u00fal Bittel, Marina Femen\u00eda, el 170925. COM. AS. INTERNACIONALES.","indexacao":"","observacao":"","resultado":"","texto_original":"http://sapl.parlamentomercosur.org/media/sapl/public/materialegislativa/2025/2886/npr_271-2025_pde_812025_pdecl._22de_beneplacito_sobre_el_respaldo_de_la_asamblea_general_de_la_onu_a_la_declaracion_de_nueva_york_para_una_solucion_pacifica_y_biestatal_del_conflicto_palestino-israeli22.pdf","data_ultima_atualizacao":"2026-04-22T12:38:13.009187-03:00","ip":"179.26.255.91","ultima_edicao":"2025-09-18T14:56:30.977910-03:00","tipo":3,"regime_tramitacao":1,"tipo_origem_externa":null,"local_origem_externa":null,"user":111,"anexadas":[],"autores":[231,233,200,235,242,226,125,240]}