{"id":2729,"__str__":"Propuesta de Recomendaci\u00f3n n\u00ba 5 de 2025","link_detail_backend":"/materia/2729","metadata":{},"numero":5,"ano":2025,"numero_protocolo":71,"data_apresentacao":"2025-03-25","tipo_apresentacao":"E","data_publicacao":null,"numero_origem_externa":"","ano_origem_externa":null,"data_origem_externa":null,"apelido":"","dias_prazo":null,"data_fim_prazo":null,"em_tramitacao":true,"polemica":false,"objeto":"","complementar":false,"ementa":"NPr 71-2025 PRec.  PARA A REDU\u00c7\u00c3O E EQUIPARA\u00c7\u00c3O DAS TAXAS AEROPORTU\u00c1RIAS PARA VOOS COMERCIAIS DENTRO DO MERCOSUL, presentado por el parlamentario Arlindo Chinaglia, el 240325. COM. TRANSPORTE.","indexacao":"","observacao":"","resultado":"","texto_original":"http://sapl.parlamentomercosur.org/media/sapl/public/materialegislativa/2025/2729/npr_71-2025_prec.__para_a_reducao_e_equiparacao_das_taxas_aeroportuarias_para_voos_comerciais_dentro_do_mercosul.pdf","data_ultima_atualizacao":"2026-04-13T14:47:49.860869-03:00","ip":"186.2.205.89","ultima_edicao":"2025-03-25T16:22:51.452759-03:00","tipo":1,"regime_tramitacao":1,"tipo_origem_externa":null,"local_origem_externa":null,"user":111,"anexadas":[],"autores":[56]}