{"id":2708,"__str__":"Propuesta de Declaraci\u00f3n n\u00ba 4 de 2025","link_detail_backend":"/materia/2708","metadata":{},"numero":4,"ano":2025,"numero_protocolo":13,"data_apresentacao":"2025-01-31","tipo_apresentacao":"E","data_publicacao":null,"numero_origem_externa":"","ano_origem_externa":null,"data_origem_externa":null,"apelido":"","dias_prazo":null,"data_fim_prazo":null,"em_tramitacao":true,"polemica":false,"objeto":"","complementar":false,"ementa":"NPr 13-2025 PDecl. De repudio al discurso del presidente argentino Javier Milei en el Foro Econo\u0301mico de Davos 2025, presentado por los parlamentarios Gustavo Arrieta, Gabriel Fuks, Mariano Fern\u00e1ndez, Marina Femen\u00eda, Victoria Donda, Ra\u00fal Bittel, Mat\u00edas Sotomayor, Alejandra M\u00e1s, Alejandro Deanes, Teresa parodi, Yesica Taborda, Cecilia Nicolini, el 300125. COM. DD.HH.","indexacao":"","observacao":"","resultado":"","texto_original":"http://sapl.parlamentomercosur.org/media/sapl/public/materialegislativa/2025/2708/npr_13-2025_pdecl._de_repudio_al_discurso_del_presidente_argentino_javier_milei_en_el_foro_economico_de_davos_2025.pdf","data_ultima_atualizacao":"2025-10-13T15:16:15.233313-03:00","ip":"186.2.205.89","ultima_edicao":"2025-01-31T11:18:52.761741-03:00","tipo":3,"regime_tramitacao":1,"tipo_origem_externa":null,"local_origem_externa":null,"user":111,"anexadas":[],"autores":[231,233,242,226,125,243,227,239,228,224,240,234]}