{"id":2707,"__str__":"Propuesta de Declaraci\u00f3n n\u00ba 3 de 2025","link_detail_backend":"/materia/2707","metadata":{},"numero":3,"ano":2025,"numero_protocolo":12,"data_apresentacao":"2025-01-27","tipo_apresentacao":"E","data_publicacao":null,"numero_origem_externa":"","ano_origem_externa":null,"data_origem_externa":null,"apelido":"","dias_prazo":null,"data_fim_prazo":null,"em_tramitacao":true,"polemica":false,"objeto":"","complementar":false,"ementa":"NPr 12-2025 PDecl Reconocimiento al Instituto Biolo\u0301gico Dr. Toma\u0301s Pero\u0301n como referente en la produccio\u0301n estatal de medicamentos y productos biolo\u0301gicos esenciales, presentado por los parlamentarios Gustavo Arrieta, Gabriel Fuks, Mariano Fern\u00e1ndez, Victoria Donda, Ra\u00fal Bittel, Mat\u00edas Sotomayor, Alejandra M\u00e1s, Alejandro Deanes, el 270125. COM. DE SALUD.","indexacao":"","observacao":"","resultado":"","texto_original":"http://sapl.parlamentomercosur.org/media/sapl/public/materialegislativa/2025/2707/npr_12-2025_pdecl_reconocimiento_al_instituto_biologico_dr._tomas_peron_como_referente_en_la_produccion_estatal_de_medicamentos_y_productos_biologicos_esenciales.pdf","data_ultima_atualizacao":"2026-04-13T13:01:05.880110-03:00","ip":"186.2.205.89","ultima_edicao":"2025-01-27T16:46:01.954988-03:00","tipo":3,"regime_tramitacao":1,"tipo_origem_externa":null,"local_origem_externa":null,"user":111,"anexadas":[],"autores":[231,233,242,226,125,243,227,239,240]}