{"id":2476,"__str__":"Propuesta de Declaraci\u00f3n n\u00ba 52 de 2023","link_detail_backend":"/materia/2476","metadata":{},"numero":52,"ano":2023,"numero_protocolo":463,"data_apresentacao":"2023-12-18","tipo_apresentacao":"E","data_publicacao":null,"numero_origem_externa":"","ano_origem_externa":null,"data_origem_externa":null,"apelido":"","dias_prazo":null,"data_fim_prazo":null,"em_tramitacao":false,"polemica":false,"objeto":"","complementar":false,"ementa":"Propuesta de Declaraci\u00f3n presentada por el Parlamentario Mario Colman, en fecha 18 de diciembre de 2023,  por la cual el PM declara de inter\u00e9s cultural del Parlamento del MERCOSUR la Marcha al Paraguay en Conmemoraci\u00f3n de los 100 a\u00f1os de la Escuela \"Artigas del Solar de Artigas\" en Asunci\u00f3n.","indexacao":"","observacao":"Se gira a la Com. de Educaci\u00f3n.","resultado":"","texto_original":"http://sapl.parlamentomercosur.org/media/sapl/public/materialegislativa/2023/2476/protocolo_463_-_2023.pdf","data_ultima_atualizacao":"2025-10-13T13:12:16.982956-03:00","ip":"179.27.105.131","ultima_edicao":"2024-02-20T16:09:35.618088-03:00","tipo":3,"regime_tramitacao":1,"tipo_origem_externa":null,"local_origem_externa":null,"user":111,"anexadas":[],"autores":[81]}