{"id":2228,"__str__":"Informe de Comisi\u00f3n n\u00ba 15 de 2016","link_detail_backend":"/materia/2228","metadata":{},"numero":15,"ano":2016,"numero_protocolo":null,"data_apresentacao":"2016-06-01","tipo_apresentacao":"E","data_publicacao":null,"numero_origem_externa":"","ano_origem_externa":null,"data_origem_externa":null,"apelido":"","dias_prazo":null,"data_fim_prazo":null,"em_tramitacao":true,"polemica":false,"objeto":"","complementar":false,"ementa":"Informe 08/2016 de la Comisi\u00f3n de Asuntos Jur\u00eddicos por la APROBACION CON MODIFICACIONES de la propuesta de declaraci\u00f3n por la cual el PM expresa su firme apoyo al proceso de integraci\u00f3n al celebrar el 25 aniversario de la firma del Tratado de Asunci\u00f3n (MEP/86/2016) y de la propuesta de Declaraci\u00f3n por la cual el PM declara su benepl\u00e1cito por el D\u00eda del MERCOSUR que se conmemora el d\u00eda 26 de marzo de cada a\u00f1o (MEP/30/2016)","indexacao":"","observacao":"","resultado":"","texto_original":"http://sapl.parlamentomercosur.org/media/sapl/public/materialegislativa/2016/2228/mep_249_2016.pdf","data_ultima_atualizacao":"2023-12-14T10:10:22.708818-03:00","ip":"179.27.105.131","ultima_edicao":"2023-10-24T10:58:33.142352-03:00","tipo":27,"regime_tramitacao":1,"tipo_origem_externa":null,"local_origem_externa":null,"user":166,"anexadas":[],"autores":[1]}