{"id":102,"__str__":"Informe de Comisi\u00f3n n\u00ba 107 de 2018","link_detail_backend":"/materia/102","metadata":{},"numero":107,"ano":2018,"numero_protocolo":null,"data_apresentacao":"2018-12-17","tipo_apresentacao":"E","data_publicacao":null,"numero_origem_externa":"","ano_origem_externa":null,"data_origem_externa":null,"apelido":"","dias_prazo":null,"data_fim_prazo":null,"em_tramitacao":true,"polemica":false,"objeto":"","complementar":false,"ementa":"Informe de la Comisi\u00f3n de Ciudadan\u00eda y DDHH POR LA APROBACI\u00d3N de la propuesta de Declaraci\u00f3n por la cual el PM expresa su honda preocupaci\u00f3n ante la creciente multitud de migrantes que se desplazan a trav\u00e9s de distintos pa\u00edses de Centroam\u00e9rica rumbo a la frontera con los EEUU.","indexacao":"","observacao":"","resultado":"","texto_original":"http://sapl.parlamentomercosur.org/media/sapl/public/materialegislativa/2018/102/mep-591-2018.pdf","data_ultima_atualizacao":"2023-10-17T10:05:29.264568-03:00","ip":"179.27.105.131","ultima_edicao":"2021-11-30T13:17:45.435872-03:00","tipo":27,"regime_tramitacao":1,"tipo_origem_externa":null,"local_origem_externa":null,"user":2,"anexadas":[],"autores":[7]}